{"id":1151,"date":"2020-01-27T11:44:37","date_gmt":"2020-01-27T14:44:37","guid":{"rendered":"https:\/\/camilocarrara.com.br\/wp\/?p=1151"},"modified":"2020-09-09T16:10:02","modified_gmt":"2020-09-09T19:10:02","slug":"fimuca-festival-internacional-de-musica-em-casa","status":"publish","type":"post","link":"https:\/\/camilocarrara.com.br\/wp\/2020\/01\/27\/fimuca-festival-internacional-de-musica-em-casa\/","title":{"rendered":"FIMUCA &#8211; Festival Internacional de M\u00fasica em Casa"},"content":{"rendered":"\t\t<div data-elementor-type=\"wp-post\" data-elementor-id=\"1151\" class=\"elementor elementor-1151\">\n\t\t\t\t\t\t<section class=\"elementor-section elementor-top-section elementor-element elementor-element-7b1bc422 elementor-section-content-top elementor-section-boxed elementor-section-height-default elementor-section-height-default\" data-id=\"7b1bc422\" data-element_type=\"section\">\n\t\t\t\t\t\t<div class=\"elementor-container elementor-column-gap-no\">\n\t\t\t\t\t<div class=\"elementor-column elementor-col-100 elementor-top-column elementor-element elementor-element-2652f059\" data-id=\"2652f059\" data-element_type=\"column\">\n\t\t\t<div class=\"elementor-widget-wrap elementor-element-populated\">\n\t\t\t\t\t\t<div class=\"elementor-element elementor-element-39e456dc elementor-view-default elementor-invisible elementor-widget elementor-widget-icon\" data-id=\"39e456dc\" data-element_type=\"widget\" data-settings=\"{&quot;_animation&quot;:&quot;fadeIn&quot;}\" data-widget_type=\"icon.default\">\n\t\t\t\t<div class=\"elementor-widget-container\">\n\t\t\t\t\t<div class=\"elementor-icon-wrapper\">\n\t\t\t<a class=\"elementor-icon elementor-animation-grow\" href=\"https:\/\/camilocarrara.com.br\/wp\/\">\n\t\t\t<i aria-hidden=\"true\" class=\"fas fa-home\"><\/i>\t\t\t<\/a>\n\t\t<\/div>\n\t\t\t\t<\/div>\n\t\t\t\t<\/div>\n\t\t\t\t\t<\/div>\n\t\t<\/div>\n\t\t\t\t\t<\/div>\n\t\t<\/section>\n\t\t\t\t<section class=\"elementor-section elementor-top-section elementor-element elementor-element-7f5e2ac1 elementor-section-content-top elementor-section-boxed elementor-section-height-default elementor-section-height-default\" data-id=\"7f5e2ac1\" data-element_type=\"section\">\n\t\t\t\t\t\t<div class=\"elementor-container elementor-column-gap-no\">\n\t\t\t\t\t<div class=\"elementor-column elementor-col-50 elementor-top-column elementor-element elementor-element-1f9c4b2f\" data-id=\"1f9c4b2f\" data-element_type=\"column\">\n\t\t\t<div class=\"elementor-widget-wrap elementor-element-populated\">\n\t\t\t\t\t\t<div class=\"elementor-element elementor-element-82856b2 elementor-invisible elementor-widget elementor-widget-heading\" data-id=\"82856b2\" data-element_type=\"widget\" data-settings=\"{&quot;_animation&quot;:&quot;fadeInLeft&quot;}\" data-widget_type=\"heading.default\">\n\t\t\t\t<div class=\"elementor-widget-container\">\n\t\t\t<h3 class=\"elementor-heading-title elementor-size-default\">FIMUCA - Festival Internacional de M\u00fasica em Casa<\/h3>\t\t<\/div>\n\t\t\t\t<\/div>\n\t\t\t\t<div class=\"elementor-element elementor-element-14be829d elementor-invisible elementor-widget elementor-widget-text-editor\" data-id=\"14be829d\" data-element_type=\"widget\" data-settings=\"{&quot;_animation&quot;:&quot;fadeIn&quot;}\" data-widget_type=\"text-editor.default\">\n\t\t\t\t<div class=\"elementor-widget-container\">\n\t\t\t\t\t\t\t<p>Camilo Carrara participa do 1\u00ba FIMUCA &#8211; Festival Internacional de M\u00fasica em Casa.<\/p><p>Festival in\u00e9dito online com 18 mil inscritos no Brasil e exterior.<\/p><p>Professores de Viol\u00e3o:<\/p><div class=\"oajrlxb2 g5ia77u1 qu0x051f esr5mh6w e9989ue4 r7d6kgcz rq0escxv nhd2j8a9 nc684nl6 p7hjln8o kvgmc6g5 cxmmr5t8 oygrvhab hcukyx3x jb3vyjys rz4wbd8a qt6c0cv9 a8nywdso i1ao9s8h esuyzwwr f1sip0of lzcic4wl oo9gr5id gpro0wi8 lrazzd5p\" tabindex=\"0\" role=\"button\"><div class=\"nc684nl6\">Ulisses Rocha (Unicamp)<\/div><div class=\"nc684nl6\">Marco Pereira (UFRJ)<\/div><div class=\"nc684nl6\">Juan Fal\u00fa (UNSAM, Argentina)<\/div><div class=\"nc684nl6\">Nelson Faria (\u00d6rebro Universitet)<\/div><div class=\"nc684nl6\">Jow Ferreira (UFRN)<\/div><div class=\"nc684nl6\">Andr\u00e9 Siqueira (UEL)<\/div><div class=\"nc684nl6\">Camilo Carrara (National Music Festival\/ Faculdade Cantareira)<\/div><div class=\"nc684nl6\">Roberto Taufic<\/div><div class=\"nc684nl6\">Ricardo Giuffrida<\/div><p>Conrado Paulino (coordenador)<\/p><\/div>\t\t\t\t\t\t<\/div>\n\t\t\t\t<\/div>\n\t\t\t\t\t<\/div>\n\t\t<\/div>\n\t\t\t\t<div class=\"elementor-column elementor-col-50 elementor-top-column elementor-element elementor-element-2fbef5db\" data-id=\"2fbef5db\" data-element_type=\"column\">\n\t\t\t<div class=\"elementor-widget-wrap elementor-element-populated\">\n\t\t\t\t\t\t<div class=\"elementor-element elementor-element-6eec8915 elementor-widget elementor-widget-image\" data-id=\"6eec8915\" data-element_type=\"widget\" data-widget_type=\"image.default\">\n\t\t\t\t<div class=\"elementor-widget-container\">\n\t\t\t\t\t\t\t\t\t\t\t\t\t<img fetchpriority=\"high\" decoding=\"async\" width=\"300\" height=\"300\" src=\"https:\/\/camilocarrara.com.br\/wp\/wp-content\/uploads\/2020\/07\/Fumuca-Profs-300x300.jpg\" class=\"attachment-medium size-medium wp-image-1153\" alt=\"\" srcset=\"https:\/\/camilocarrara.com.br\/wp\/wp-content\/uploads\/2020\/07\/Fumuca-Profs-300x300.jpg 300w, https:\/\/camilocarrara.com.br\/wp\/wp-content\/uploads\/2020\/07\/Fumuca-Profs-1024x1024.jpg 1024w, https:\/\/camilocarrara.com.br\/wp\/wp-content\/uploads\/2020\/07\/Fumuca-Profs-150x150.jpg 150w, https:\/\/camilocarrara.com.br\/wp\/wp-content\/uploads\/2020\/07\/Fumuca-Profs-768x768.jpg 768w, https:\/\/camilocarrara.com.br\/wp\/wp-content\/uploads\/2020\/07\/Fumuca-Profs.jpg 1280w\" sizes=\"(max-width: 300px) 100vw, 300px\" \/>\t\t\t\t\t\t\t\t\t\t\t\t\t<\/div>\n\t\t\t\t<\/div>\n\t\t\t\t<div class=\"elementor-element elementor-element-9d31c2a elementor-widget elementor-widget-image\" data-id=\"9d31c2a\" data-element_type=\"widget\" data-widget_type=\"image.default\">\n\t\t\t\t<div class=\"elementor-widget-container\">\n\t\t\t\t\t\t\t\t\t\t\t\t\t<img decoding=\"async\" width=\"212\" height=\"300\" src=\"https:\/\/camilocarrara.com.br\/wp\/wp-content\/uploads\/2020\/07\/Fimuca_aulas-4-212x300.jpg\" class=\"attachment-medium size-medium wp-image-1155\" alt=\"\" srcset=\"https:\/\/camilocarrara.com.br\/wp\/wp-content\/uploads\/2020\/07\/Fimuca_aulas-4-212x300.jpg 212w, https:\/\/camilocarrara.com.br\/wp\/wp-content\/uploads\/2020\/07\/Fimuca_aulas-4-724x1024.jpg 724w, https:\/\/camilocarrara.com.br\/wp\/wp-content\/uploads\/2020\/07\/Fimuca_aulas-4-768x1086.jpg 768w, https:\/\/camilocarrara.com.br\/wp\/wp-content\/uploads\/2020\/07\/Fimuca_aulas-4-1086x1536.jpg 1086w, https:\/\/camilocarrara.com.br\/wp\/wp-content\/uploads\/2020\/07\/Fimuca_aulas-4-1448x2048.jpg 1448w, https:\/\/camilocarrara.com.br\/wp\/wp-content\/uploads\/2020\/07\/Fimuca_aulas-4-scaled.jpg 1811w\" sizes=\"(max-width: 212px) 100vw, 212px\" \/>\t\t\t\t\t\t\t\t\t\t\t\t\t<\/div>\n\t\t\t\t<\/div>\n\t\t\t\t\t<\/div>\n\t\t<\/div>\n\t\t\t\t\t<\/div>\n\t\t<\/section>\n\t\t\t\t<section class=\"elementor-section elementor-top-section elementor-element elementor-element-639941a4 elementor-section-content-top elementor-section-boxed elementor-section-height-default elementor-section-height-default\" data-id=\"639941a4\" data-element_type=\"section\">\n\t\t\t\t\t\t<div class=\"elementor-container elementor-column-gap-no\">\n\t\t\t\t\t<div class=\"elementor-column elementor-col-100 elementor-top-column elementor-element elementor-element-47588f2e\" data-id=\"47588f2e\" data-element_type=\"column\">\n\t\t\t<div class=\"elementor-widget-wrap elementor-element-populated\">\n\t\t\t\t\t\t<div class=\"elementor-element elementor-element-48e2ee93 elementor-view-default elementor-invisible elementor-widget elementor-widget-icon\" data-id=\"48e2ee93\" data-element_type=\"widget\" data-settings=\"{&quot;_animation&quot;:&quot;fadeIn&quot;}\" data-widget_type=\"icon.default\">\n\t\t\t\t<div class=\"elementor-widget-container\">\n\t\t\t\t\t<div class=\"elementor-icon-wrapper\">\n\t\t\t<a class=\"elementor-icon elementor-animation-grow\" href=\"https:\/\/camilocarrara.com.br\/wp\/\">\n\t\t\t<i aria-hidden=\"true\" class=\"fas fa-home\"><\/i>\t\t\t<\/a>\n\t\t<\/div>\n\t\t\t\t<\/div>\n\t\t\t\t<\/div>\n\t\t\t\t\t<\/div>\n\t\t<\/div>\n\t\t\t\t\t<\/div>\n\t\t<\/section>\n\t\t\t\t<\/div>\n\t\t","protected":false},"excerpt":{"rendered":"<p>FIMUCA &#8211; Festival Internacional de M\u00fasica em Casa Camilo Carrara participa do 1\u00ba FIMUCA &#8211; Festival Internacional de M\u00fasica em Casa. Festival in\u00e9dito online com 18 mil inscritos no Brasil e exterior. Professores de Viol\u00e3o: Ulisses Rocha (Unicamp)Marco Pereira (UFRJ)Juan Fal\u00fa (UNSAM, Argentina)Nelson Faria (\u00d6rebro Universitet)Jow Ferreira (UFRN)Andr\u00e9 Siqueira (UEL)Camilo Carrara (National Music Festival\/ Faculdade [&hellip;]<\/p>\n","protected":false},"author":2,"featured_media":1153,"comment_status":"closed","ping_status":"closed","sticky":false,"template":"","format":"standard","meta":{"footnotes":""},"categories":[3],"tags":[],"class_list":["post-1151","post","type-post","status-publish","format-standard","has-post-thumbnail","hentry","category-producao-musical"],"_links":{"self":[{"href":"https:\/\/camilocarrara.com.br\/wp\/wp-json\/wp\/v2\/posts\/1151"}],"collection":[{"href":"https:\/\/camilocarrara.com.br\/wp\/wp-json\/wp\/v2\/posts"}],"about":[{"href":"https:\/\/camilocarrara.com.br\/wp\/wp-json\/wp\/v2\/types\/post"}],"author":[{"embeddable":true,"href":"https:\/\/camilocarrara.com.br\/wp\/wp-json\/wp\/v2\/users\/2"}],"replies":[{"embeddable":true,"href":"https:\/\/camilocarrara.com.br\/wp\/wp-json\/wp\/v2\/comments?post=1151"}],"version-history":[{"count":5,"href":"https:\/\/camilocarrara.com.br\/wp\/wp-json\/wp\/v2\/posts\/1151\/revisions"}],"predecessor-version":[{"id":1165,"href":"https:\/\/camilocarrara.com.br\/wp\/wp-json\/wp\/v2\/posts\/1151\/revisions\/1165"}],"wp:featuredmedia":[{"embeddable":true,"href":"https:\/\/camilocarrara.com.br\/wp\/wp-json\/wp\/v2\/media\/1153"}],"wp:attachment":[{"href":"https:\/\/camilocarrara.com.br\/wp\/wp-json\/wp\/v2\/media?parent=1151"}],"wp:term":[{"taxonomy":"category","embeddable":true,"href":"https:\/\/camilocarrara.com.br\/wp\/wp-json\/wp\/v2\/categories?post=1151"},{"taxonomy":"post_tag","embeddable":true,"href":"https:\/\/camilocarrara.com.br\/wp\/wp-json\/wp\/v2\/tags?post=1151"}],"curies":[{"name":"wp","href":"https:\/\/api.w.org\/{rel}","templated":true}]}}