{"id":53,"date":"2011-03-01T20:53:48","date_gmt":"2011-03-01T23:53:48","guid":{"rendered":"https:\/\/camilocarrara.com.br\/wp\/?p=53"},"modified":"2020-04-23T05:51:53","modified_gmt":"2020-04-23T08:51:53","slug":"elementor-53","status":"publish","type":"post","link":"https:\/\/camilocarrara.com.br\/wp\/2011\/03\/01\/elementor-53\/","title":{"rendered":"Al\u00e9m das Horas &#8211; Trilha Sonora"},"content":{"rendered":"\t\t<div data-elementor-type=\"wp-post\" data-elementor-id=\"53\" class=\"elementor elementor-53\">\n\t\t\t\t\t\t<section class=\"elementor-section elementor-top-section elementor-element elementor-element-3ae4b9a9 elementor-section-content-top elementor-section-boxed elementor-section-height-default elementor-section-height-default\" data-id=\"3ae4b9a9\" data-element_type=\"section\">\n\t\t\t\t\t\t<div class=\"elementor-container elementor-column-gap-no\">\n\t\t\t\t\t<div class=\"elementor-column elementor-col-100 elementor-top-column elementor-element elementor-element-65149b3f\" data-id=\"65149b3f\" data-element_type=\"column\">\n\t\t\t<div class=\"elementor-widget-wrap elementor-element-populated\">\n\t\t\t\t\t\t<div class=\"elementor-element elementor-element-1b4cc855 elementor-view-default elementor-invisible elementor-widget elementor-widget-icon\" data-id=\"1b4cc855\" data-element_type=\"widget\" data-settings=\"{&quot;_animation&quot;:&quot;fadeIn&quot;}\" data-widget_type=\"icon.default\">\n\t\t\t\t<div class=\"elementor-widget-container\">\n\t\t\t\t\t<div class=\"elementor-icon-wrapper\">\n\t\t\t<a class=\"elementor-icon elementor-animation-grow\" href=\"https:\/\/camilocarrara.com.br\/wp\/\">\n\t\t\t<i aria-hidden=\"true\" class=\"fas fa-home\"><\/i>\t\t\t<\/a>\n\t\t<\/div>\n\t\t\t\t<\/div>\n\t\t\t\t<\/div>\n\t\t\t\t\t<\/div>\n\t\t<\/div>\n\t\t\t\t\t<\/div>\n\t\t<\/section>\n\t\t\t\t<section class=\"elementor-section elementor-top-section elementor-element elementor-element-60973e13 elementor-section-content-top elementor-section-boxed elementor-section-height-default elementor-section-height-default\" data-id=\"60973e13\" data-element_type=\"section\">\n\t\t\t\t\t\t<div class=\"elementor-container elementor-column-gap-no\">\n\t\t\t\t\t<div class=\"elementor-column elementor-col-50 elementor-top-column elementor-element elementor-element-21916196\" data-id=\"21916196\" data-element_type=\"column\">\n\t\t\t<div class=\"elementor-widget-wrap elementor-element-populated\">\n\t\t\t\t\t\t<div class=\"elementor-element elementor-element-1ec8d362 elementor-invisible elementor-widget elementor-widget-heading\" data-id=\"1ec8d362\" data-element_type=\"widget\" data-settings=\"{&quot;_animation&quot;:&quot;fadeInLeft&quot;}\" data-widget_type=\"heading.default\">\n\t\t\t\t<div class=\"elementor-widget-container\">\n\t\t\t<h3 class=\"elementor-heading-title elementor-size-default\">Al\u00e9m das Horas<\/h3>\t\t<\/div>\n\t\t\t\t<\/div>\n\t\t\t\t<div class=\"elementor-element elementor-element-28ffb639 elementor-invisible elementor-widget elementor-widget-text-editor\" data-id=\"28ffb639\" data-element_type=\"widget\" data-settings=\"{&quot;_animation&quot;:&quot;fadeIn&quot;}\" data-widget_type=\"text-editor.default\">\n\t\t\t\t<div class=\"elementor-widget-container\">\n\t\t\t\t\t\t\t<p>\u201cAl\u00e9m das Horas\u201d, curta-metragem de Eliane Coster. Roteiro vencedor do pr\u00eamio Cr\u00f4nicas da Cidade, da Prefeitura de S\u00e3o Paulo e do 19\u00ba Cin\u00e9rail d&#8217;Or du Documentaire, no Festival Cine-Rail, em Paris, Fran\u00e7a.<\/p><p>Trilha original, arranjos, instrumentos virtuais, viol\u00f5es: Camilo Carrara.<\/p>\t\t\t\t\t\t<\/div>\n\t\t\t\t<\/div>\n\t\t\t\t\t<\/div>\n\t\t<\/div>\n\t\t\t\t<div class=\"elementor-column elementor-col-50 elementor-top-column elementor-element elementor-element-77bb0455\" data-id=\"77bb0455\" data-element_type=\"column\">\n\t\t\t<div class=\"elementor-widget-wrap elementor-element-populated\">\n\t\t\t\t\t\t<div class=\"elementor-element elementor-element-133835e elementor-widget elementor-widget-video\" data-id=\"133835e\" data-element_type=\"widget\" data-settings=\"{&quot;youtube_url&quot;:&quot;https:\\\/\\\/youtu.be\\\/TUf_PUIqstU&quot;,&quot;start&quot;:227,&quot;video_type&quot;:&quot;youtube&quot;,&quot;controls&quot;:&quot;yes&quot;}\" data-widget_type=\"video.default\">\n\t\t\t\t<div class=\"elementor-widget-container\">\n\t\t\t\t\t<div class=\"elementor-wrapper elementor-open-inline\">\n\t\t\t<div class=\"elementor-video\"><\/div>\t\t<\/div>\n\t\t\t\t<\/div>\n\t\t\t\t<\/div>\n\t\t\t\t\t<\/div>\n\t\t<\/div>\n\t\t\t\t\t<\/div>\n\t\t<\/section>\n\t\t\t\t<section class=\"elementor-section elementor-top-section elementor-element elementor-element-435974fe elementor-section-content-top elementor-section-boxed elementor-section-height-default elementor-section-height-default\" data-id=\"435974fe\" data-element_type=\"section\">\n\t\t\t\t\t\t<div class=\"elementor-container elementor-column-gap-no\">\n\t\t\t\t\t<div class=\"elementor-column elementor-col-100 elementor-top-column elementor-element elementor-element-2486b816\" data-id=\"2486b816\" data-element_type=\"column\">\n\t\t\t<div class=\"elementor-widget-wrap elementor-element-populated\">\n\t\t\t\t\t\t<div class=\"elementor-element elementor-element-1284ba8 elementor-view-default elementor-invisible elementor-widget elementor-widget-icon\" data-id=\"1284ba8\" data-element_type=\"widget\" data-settings=\"{&quot;_animation&quot;:&quot;fadeIn&quot;}\" data-widget_type=\"icon.default\">\n\t\t\t\t<div class=\"elementor-widget-container\">\n\t\t\t\t\t<div class=\"elementor-icon-wrapper\">\n\t\t\t<a class=\"elementor-icon elementor-animation-grow\" href=\"https:\/\/camilocarrara.com.br\/wp\/\">\n\t\t\t<i aria-hidden=\"true\" class=\"fas fa-home\"><\/i>\t\t\t<\/a>\n\t\t<\/div>\n\t\t\t\t<\/div>\n\t\t\t\t<\/div>\n\t\t\t\t\t<\/div>\n\t\t<\/div>\n\t\t\t\t\t<\/div>\n\t\t<\/section>\n\t\t\t\t<\/div>\n\t\t","protected":false},"excerpt":{"rendered":"<p>Al\u00e9m das Horas \u201cAl\u00e9m das Horas\u201d, curta-metragem de Eliane Coster. Roteiro vencedor do pr\u00eamio Cr\u00f4nicas da Cidade, da Prefeitura de S\u00e3o Paulo e do 19\u00ba Cin\u00e9rail d&#8217;Or du Documentaire, no Festival Cine-Rail, em Paris, Fran\u00e7a. Trilha original, arranjos, instrumentos virtuais, viol\u00f5es: Camilo Carrara.<\/p>\n","protected":false},"author":1,"featured_media":699,"comment_status":"closed","ping_status":"closed","sticky":false,"template":"","format":"standard","meta":{"footnotes":""},"categories":[4,6,3],"tags":[],"class_list":["post-53","post","type-post","status-publish","format-standard","has-post-thumbnail","hentry","category-composicao","category-gravacao","category-producao-musical"],"_links":{"self":[{"href":"https:\/\/camilocarrara.com.br\/wp\/wp-json\/wp\/v2\/posts\/53"}],"collection":[{"href":"https:\/\/camilocarrara.com.br\/wp\/wp-json\/wp\/v2\/posts"}],"about":[{"href":"https:\/\/camilocarrara.com.br\/wp\/wp-json\/wp\/v2\/types\/post"}],"author":[{"embeddable":true,"href":"https:\/\/camilocarrara.com.br\/wp\/wp-json\/wp\/v2\/users\/1"}],"replies":[{"embeddable":true,"href":"https:\/\/camilocarrara.com.br\/wp\/wp-json\/wp\/v2\/comments?post=53"}],"version-history":[{"count":36,"href":"https:\/\/camilocarrara.com.br\/wp\/wp-json\/wp\/v2\/posts\/53\/revisions"}],"predecessor-version":[{"id":698,"href":"https:\/\/camilocarrara.com.br\/wp\/wp-json\/wp\/v2\/posts\/53\/revisions\/698"}],"wp:featuredmedia":[{"embeddable":true,"href":"https:\/\/camilocarrara.com.br\/wp\/wp-json\/wp\/v2\/media\/699"}],"wp:attachment":[{"href":"https:\/\/camilocarrara.com.br\/wp\/wp-json\/wp\/v2\/media?parent=53"}],"wp:term":[{"taxonomy":"category","embeddable":true,"href":"https:\/\/camilocarrara.com.br\/wp\/wp-json\/wp\/v2\/categories?post=53"},{"taxonomy":"post_tag","embeddable":true,"href":"https:\/\/camilocarrara.com.br\/wp\/wp-json\/wp\/v2\/tags?post=53"}],"curies":[{"name":"wp","href":"https:\/\/api.w.org\/{rel}","templated":true}]}}